{"id":40205,"date":"2026-02-18T10:36:57","date_gmt":"2026-02-18T09:36:57","guid":{"rendered":"https:\/\/eh.si\/nova-pridobitev-v-hotelu-ptuj\/"},"modified":"2026-02-18T11:02:18","modified_gmt":"2026-02-18T10:02:18","slug":"nova-pridobitev-v-hotelu-ptuj","status":"publish","type":"post","link":"https:\/\/eh.si\/it\/nova-pridobitev-v-hotelu-ptuj\/","title":{"rendered":"Una nuova acquisizione all\u2019Hotel Ptuj"},"content":{"rendered":"\t\t<div data-elementor-type=\"wp-post\" data-elementor-id=\"40205\" class=\"elementor elementor-40205 elementor-40165\" data-elementor-post-type=\"post\">\n\t\t\t\t\t\t<section class=\"elementor-section elementor-top-section elementor-element elementor-element-9d58a0d elementor-section-boxed elementor-section-height-default elementor-section-height-default\" data-id=\"9d58a0d\" data-element_type=\"section\" data-e-type=\"section\" data-settings=\"{&quot;background_background&quot;:&quot;classic&quot;}\">\r\n\t\t\t\t\t\t<div class=\"elementor-container elementor-column-gap-thegem\"><div class=\"elementor-row\">\r\n\t\t\t\t\t<div class=\"elementor-column elementor-col-100 elementor-top-column elementor-element elementor-element-4324f1d\" data-id=\"4324f1d\" data-element_type=\"column\" data-e-type=\"column\">\n\t\t\t<div class=\"elementor-widget-wrap elementor-element-populated\">\n\t\t\t\t\t\t<div class=\"elementor-element elementor-element-cd46282 flex-horizontal-align-default flex-horizontal-align-tablet-default flex-horizontal-align-mobile-default flex-vertical-align-default flex-vertical-align-tablet-default flex-vertical-align-mobile-default elementor-widget elementor-widget-spacer\" data-id=\"cd46282\" data-element_type=\"widget\" data-e-type=\"widget\" data-widget_type=\"spacer.default\">\n\t\t\t\t<div class=\"elementor-widget-container\">\n\t\t\t\t\t\t\t<div class=\"elementor-spacer\">\n\t\t\t<div class=\"elementor-spacer-inner\"><\/div>\n\t\t<\/div>\n\t\t\t\t\t\t<\/div>\n\t\t\t\t<\/div>\n\t\t\t\t<div class=\"elementor-element elementor-element-15ff893 flex-horizontal-align-default flex-horizontal-align-tablet-default flex-horizontal-align-mobile-default flex-vertical-align-default flex-vertical-align-tablet-default flex-vertical-align-mobile-default elementor-invisible elementor-widget elementor-widget-thegem-template-post-title\" data-id=\"15ff893\" data-element_type=\"widget\" data-e-type=\"widget\" data-settings=\"{&quot;_animation&quot;:&quot;fadeInDown&quot;}\" data-widget_type=\"thegem-template-post-title.default\">\n\t\t\t\t<div class=\"elementor-widget-container\">\n\t\t\t\t\t<div class=\"thegem-te-post-title\"> <h1 class=\"post-title title-h1 \"> <span>Una nuova acquisizione all\u2019Hotel Ptuj<\/span> <\/h1> <\/div>\t\t\t\t<\/div>\n\t\t\t\t<\/div>\n\t\t\t\t<div class=\"elementor-element elementor-element-141a2f9 elementor-widget-divider--view-line flex-horizontal-align-default flex-horizontal-align-tablet-default flex-horizontal-align-mobile-default flex-vertical-align-default flex-vertical-align-tablet-default flex-vertical-align-mobile-default elementor-invisible elementor-widget elementor-widget-divider\" data-id=\"141a2f9\" data-element_type=\"widget\" data-e-type=\"widget\" data-settings=\"{&quot;_animation&quot;:&quot;fadeInLeft&quot;}\" data-widget_type=\"divider.default\">\n\t\t\t\t<div class=\"elementor-widget-container\">\n\t\t\t\t\t\t\t<div class=\"elementor-divider\">\n\t\t\t<span class=\"elementor-divider-separator\">\n\t\t\t\t\t\t<\/span>\n\t\t<\/div>\n\t\t\t\t\t\t<\/div>\n\t\t\t\t<\/div>\n\t\t\t\t\t<\/div>\n\t\t<\/div>\n\t\t\t\t\t<\/div><\/div>\r\n\t\t<\/section>\r\n\t\t\t\t<section class=\"elementor-section elementor-top-section elementor-element elementor-element-6e156246 elementor-section-full_width elementor-section-height-default elementor-section-height-default\" data-id=\"6e156246\" data-element_type=\"section\" data-e-type=\"section\">\r\n\t\t\t\t\t\t<div class=\"elementor-container elementor-column-gap-no\"><div class=\"elementor-row\">\r\n\t\t\t\t\t<div class=\"elementor-column elementor-col-100 elementor-top-column elementor-element elementor-element-2e367263\" data-id=\"2e367263\" data-element_type=\"column\" data-e-type=\"column\" data-settings=\"{&quot;background_background&quot;:&quot;classic&quot;}\">\n\t\t\t<div class=\"elementor-widget-wrap elementor-element-populated\">\n\t\t\t\t\t\t<section class=\"elementor-section elementor-inner-section elementor-element elementor-element-4c0bb4a5 elementor-section-boxed elementor-section-height-default elementor-section-height-default\" data-id=\"4c0bb4a5\" data-element_type=\"section\" data-e-type=\"section\">\r\n\t\t\t\t\t\t<div class=\"elementor-container elementor-column-gap-no\"><div class=\"elementor-row\">\r\n\t\t\t\t\t<div class=\"elementor-column elementor-col-100 elementor-inner-column elementor-element elementor-element-699579f2\" data-id=\"699579f2\" data-element_type=\"column\" data-e-type=\"column\" data-settings=\"{&quot;background_background&quot;:&quot;classic&quot;}\">\n\t\t\t<div class=\"elementor-widget-wrap elementor-element-populated\">\n\t\t\t\t\t\t<div class=\"elementor-element elementor-element-5a7db37f flex-horizontal-align-default flex-horizontal-align-tablet-default flex-horizontal-align-mobile-default flex-vertical-align-default flex-vertical-align-tablet-default flex-vertical-align-mobile-default elementor-widget elementor-widget-text-editor\" data-id=\"5a7db37f\" data-element_type=\"widget\" data-e-type=\"widget\" data-widget_type=\"text-editor.default\">\n\t\t\t\t<div class=\"elementor-widget-container\">\n\t\t\t\t\t\t\t\t\t\t\t\t<div class=\"elementor-text-editor elementor-clearfix\">\r\n\t\t\t\t\t\t<p>Sabato 14 febbraio 2026 sono stati annunciati i vincitori del 18\u00b0 Premio Internazionale d\u2019Arte Ex-tempore Ptuj Karneval 2026, uno degli eventi culturali pi\u00f9 importanti che, durante il periodo del carnevale, arricchisce la vita artistica della citt\u00e0 pi\u00f9 antica della Slovenia.<\/p><p>Gli spazi dell\u2019Hotel Ptuj si arricchiscono ora di una nuova opera d\u2019arte. La vincitrice dell\u2019Ex-tempore di quest\u2019anno \u00e8 la pittrice triestina Klavdija Maru\u0161i\u010d con l\u2019opera \u201cAddio inverno\u201d. Attraverso l\u2019integrazione dell\u2019arte contemporanea desideriamo offrire agli ospiti un\u2019esperienza ancora pi\u00f9 autentica della citt\u00e0, collegando l\u2019hotel al suo patrimonio culturale e al suo spirito creativo.<\/p><p>Siamo orgogliosi di contribuire alla storia dell\u2019arte e della tradizione di Ptuj.<\/p>\t\t\t\t\t\t\t<\/div>\r\n\t\t\t\t\t\t\t\t\t\t<\/div>\n\t\t\t\t<\/div>\n\t\t\t\t\t<\/div>\n\t\t<\/div>\n\t\t\t\t\t<\/div><\/div>\r\n\t\t<\/section>\r\n\t\t\t\t\t<\/div>\n\t\t<\/div>\n\t\t\t\t\t<\/div><\/div>\r\n\t\t<\/section>\r\n\t\t\t\t<section class=\"elementor-section elementor-top-section elementor-element elementor-element-140976f elementor-section-full_width elementor-section-height-default elementor-section-height-default\" data-id=\"140976f\" data-element_type=\"section\" data-e-type=\"section\">\r\n\t\t\t\t\t\t<div class=\"elementor-container elementor-column-gap-no\"><div class=\"elementor-row\">\r\n\t\t\t\t\t<div class=\"elementor-column elementor-col-100 elementor-top-column elementor-element elementor-element-45e65a7\" data-id=\"45e65a7\" data-element_type=\"column\" data-e-type=\"column\" data-settings=\"{&quot;background_background&quot;:&quot;classic&quot;}\">\n\t\t\t<div class=\"elementor-widget-wrap elementor-element-populated\">\n\t\t\t\t\t\t<section class=\"elementor-section elementor-inner-section elementor-element elementor-element-3a8c6fd elementor-section-boxed elementor-section-height-default elementor-section-height-default\" data-id=\"3a8c6fd\" data-element_type=\"section\" data-e-type=\"section\">\r\n\t\t\t\t\t\t<div class=\"elementor-container elementor-column-gap-no\"><div class=\"elementor-row\">\r\n\t\t\t\t\t<div class=\"elementor-column elementor-col-50 elementor-inner-column elementor-element elementor-element-ffe8b7f\" data-id=\"ffe8b7f\" data-element_type=\"column\" data-e-type=\"column\" data-settings=\"{&quot;background_background&quot;:&quot;classic&quot;}\">\n\t\t\t<div class=\"elementor-widget-wrap elementor-element-populated\">\n\t\t\t\t\t\t<div class=\"elementor-element elementor-element-04dc33c flex-horizontal-align-default flex-horizontal-align-tablet-default flex-horizontal-align-mobile-default flex-vertical-align-default flex-vertical-align-tablet-default flex-vertical-align-mobile-default elementor-widget elementor-widget-image\" data-id=\"04dc33c\" data-element_type=\"widget\" data-e-type=\"widget\" data-widget_type=\"image.default\">\n\t\t\t\t<div class=\"elementor-widget-container\">\n\t\t\t\t\t\t\t\t\t\t\t\t<figure class=\"wp-caption\">\n\t\t\t\t\t\t\t\t\t\t<img fetchpriority=\"high\" width=\"1024\" height=\"683\" src=\"https:\/\/eh.si\/wp-content\/uploads\/2026\/02\/1771232045131-1024x683.jpg\" class=\"attachment-large size-large wp-image-40184\" alt=\"\" srcset=\"https:\/\/eh.si\/wp-content\/uploads\/2026\/02\/1771232045131-1024x683.jpg 1024w, https:\/\/eh.si\/wp-content\/uploads\/2026\/02\/1771232045131-300x200.jpg 300w, https:\/\/eh.si\/wp-content\/uploads\/2026\/02\/1771232045131-768x512.jpg 768w, https:\/\/eh.si\/wp-content\/uploads\/2026\/02\/1771232045131-24x16.jpg 24w, https:\/\/eh.si\/wp-content\/uploads\/2026\/02\/1771232045131-36x24.jpg 36w, https:\/\/eh.si\/wp-content\/uploads\/2026\/02\/1771232045131-48x32.jpg 48w, https:\/\/eh.si\/wp-content\/uploads\/2026\/02\/1771232045131.jpg 1080w\" sizes=\"(max-width: 1024px) 100vw, 1024px\" \/>\t\t\t\t\t\t\t\t\t\t\t<figcaption class=\"widget-image-caption wp-caption-text\"><\/figcaption>\n\t\t\t\t\t\t\t\t\t\t<\/figure>\n\t\t\t\t\t\t\t\t\t<\/div>\n\t\t\t\t<\/div>\n\t\t\t\t\t<\/div>\n\t\t<\/div>\n\t\t\t\t<div class=\"elementor-column elementor-col-50 elementor-inner-column elementor-element elementor-element-e3bab46\" data-id=\"e3bab46\" data-element_type=\"column\" data-e-type=\"column\" data-settings=\"{&quot;background_background&quot;:&quot;classic&quot;}\">\n\t\t\t<div class=\"elementor-widget-wrap elementor-element-populated\">\n\t\t\t\t\t\t<div class=\"elementor-element elementor-element-d4e77f1 flex-horizontal-align-default flex-horizontal-align-tablet-default flex-horizontal-align-mobile-default flex-vertical-align-default flex-vertical-align-tablet-default flex-vertical-align-mobile-default elementor-widget elementor-widget-image\" data-id=\"d4e77f1\" data-element_type=\"widget\" data-e-type=\"widget\" data-widget_type=\"image.default\">\n\t\t\t\t<div class=\"elementor-widget-container\">\n\t\t\t\t\t\t\t\t\t\t\t\t<figure class=\"wp-caption\">\n\t\t\t\t\t\t\t\t\t\t<img width=\"592\" height=\"800\" src=\"https:\/\/eh.si\/wp-content\/uploads\/2026\/02\/67019265.jpg\" class=\"attachment-large size-large wp-image-40178\" alt=\"\" srcset=\"https:\/\/eh.si\/wp-content\/uploads\/2026\/02\/67019265.jpg 592w, https:\/\/eh.si\/wp-content\/uploads\/2026\/02\/67019265-222x300.jpg 222w, https:\/\/eh.si\/wp-content\/uploads\/2026\/02\/67019265-18x24.jpg 18w, https:\/\/eh.si\/wp-content\/uploads\/2026\/02\/67019265-27x36.jpg 27w, https:\/\/eh.si\/wp-content\/uploads\/2026\/02\/67019265-36x48.jpg 36w\" sizes=\"(max-width: 592px) 100vw, 592px\" \/>\t\t\t\t\t\t\t\t\t\t\t<figcaption class=\"widget-image-caption wp-caption-text\">\"Zbogom zima,\" Klavdija Maru\u0161i\u010d<\/figcaption>\n\t\t\t\t\t\t\t\t\t\t<\/figure>\n\t\t\t\t\t\t\t\t\t<\/div>\n\t\t\t\t<\/div>\n\t\t\t\t\t<\/div>\n\t\t<\/div>\n\t\t\t\t\t<\/div><\/div>\r\n\t\t<\/section>\r\n\t\t\t\t\t<\/div>\n\t\t<\/div>\n\t\t\t\t\t<\/div><\/div>\r\n\t\t<\/section>\r\n\t\t\t\t<section class=\"elementor-section elementor-top-section elementor-element elementor-element-1bfa66a elementor-section-full_width elementor-section-height-default elementor-section-height-default\" data-id=\"1bfa66a\" data-element_type=\"section\" data-e-type=\"section\">\r\n\t\t\t\t\t\t<div class=\"elementor-container elementor-column-gap-no\"><div class=\"elementor-row\">\r\n\t\t\t\t\t<div class=\"elementor-column elementor-col-50 elementor-top-column elementor-element elementor-element-6ee1209\" data-id=\"6ee1209\" data-element_type=\"column\" data-e-type=\"column\" data-settings=\"{&quot;background_background&quot;:&quot;classic&quot;}\">\n\t\t\t<div class=\"elementor-widget-wrap\">\n\t\t\t\t\t\t\t<\/div>\n\t\t<\/div>\n\t\t\t\t<div class=\"elementor-column elementor-col-50 elementor-top-column elementor-element elementor-element-577c244\" data-id=\"577c244\" data-element_type=\"column\" data-e-type=\"column\" data-settings=\"{&quot;background_background&quot;:&quot;classic&quot;}\">\n\t\t\t<div class=\"elementor-widget-wrap\">\n\t\t\t\t\t\t\t<\/div>\n\t\t<\/div>\n\t\t\t\t\t<\/div><\/div>\r\n\t\t<\/section>\r\n\t\t\t\t<\/div>\n\t\t","protected":false},"excerpt":{"rendered":"<p>Una nuova acquisizione all\u2019Hotel Ptuj Sabato 14 febbraio 2026 sono stati annunciati i vincitori del 18\u00b0 Premio Internazionale d\u2019Arte Ex-tempore&#8230;<\/p>\n","protected":false},"author":3,"featured_media":40173,"comment_status":"closed","ping_status":"closed","sticky":false,"template":"single-fullwidth.php","format":"standard","meta":{"footnotes":""},"categories":[210],"tags":[],"class_list":{"0":"post-40205","1":"post","2":"type-post","3":"status-publish","4":"format-standard","5":"has-post-thumbnail","7":"category-uncategorized-sl"},"menu_order":0,"_links":{"self":[{"href":"https:\/\/eh.si\/it\/wp-json\/wp\/v2\/posts\/40205","targetHints":{"allow":["GET"]}}],"collection":[{"href":"https:\/\/eh.si\/it\/wp-json\/wp\/v2\/posts"}],"about":[{"href":"https:\/\/eh.si\/it\/wp-json\/wp\/v2\/types\/post"}],"author":[{"embeddable":true,"href":"https:\/\/eh.si\/it\/wp-json\/wp\/v2\/users\/3"}],"replies":[{"embeddable":true,"href":"https:\/\/eh.si\/it\/wp-json\/wp\/v2\/comments?post=40205"}],"version-history":[{"count":4,"href":"https:\/\/eh.si\/it\/wp-json\/wp\/v2\/posts\/40205\/revisions"}],"predecessor-version":[{"id":40209,"href":"https:\/\/eh.si\/it\/wp-json\/wp\/v2\/posts\/40205\/revisions\/40209"}],"wp:featuredmedia":[{"embeddable":true,"href":"https:\/\/eh.si\/it\/wp-json\/wp\/v2\/media\/40173"}],"wp:attachment":[{"href":"https:\/\/eh.si\/it\/wp-json\/wp\/v2\/media?parent=40205"}],"wp:term":[{"taxonomy":"category","embeddable":true,"href":"https:\/\/eh.si\/it\/wp-json\/wp\/v2\/categories?post=40205"},{"taxonomy":"post_tag","embeddable":true,"href":"https:\/\/eh.si\/it\/wp-json\/wp\/v2\/tags?post=40205"}],"curies":[{"name":"wp","href":"https:\/\/api.w.org\/{rel}","templated":true}]}}