{"id":52421,"date":"2025-09-02T10:30:57","date_gmt":"2025-09-02T09:30:57","guid":{"rendered":"https:\/\/eh.si\/?p=52421"},"modified":"2026-09-04T14:14:30","modified_gmt":"2026-09-04T13:14:30","slug":"oszi-pihenes-a-barbara-piran-beach-hotelben","status":"publish","type":"post","link":"https:\/\/eh.si\/hu\/oszi-pihenes-a-barbara-piran-beach-hotelben\/","title":{"rendered":"\u0150szi pihen\u00e9s a Barbara Piran Beach Hotelben"},"content":{"rendered":"<p>&nbsp;<\/p>\n<p>TARTALMAZZA:<\/p>\n<ul>\n<li data-section-id=\"127k230\" data-start=\"30\" data-end=\"72\">Sz\u00e1ll\u00e1s k\u00e9t f\u0151 r\u00e9sz\u00e9re k\u00e9t\u00e1gyas szob\u00e1ban<\/li>\n<li data-section-id=\"vrpkme\" data-start=\"73\" data-end=\"120\">B\u0151s\u00e9ges sv\u00e9dasztalos reggeli \u0151szi hangulattal<\/li>\n<li data-section-id=\"xzfjr3\" data-start=\"121\" data-end=\"199\">H\u00e1romfog\u00e1sos vacsora k\u00e9t f\u0151 r\u00e9sz\u00e9re, szem\u00e9lyenk\u00e9nt egy poh\u00e1r h\u00e1z pezsg\u0151j\u00e9vel<\/li>\n<li data-section-id=\"1xr7pwo\" data-start=\"200\" data-end=\"251\">K\u00e9t\u00f3r\u00e1s szaunahaszn\u00e1lat a teljes kikapcsol\u00f3d\u00e1s\u00e9rt<\/li>\n<li data-section-id=\"1aq6p38\" data-start=\"252\" data-end=\"276\">\u00dcdv\u00f6zl\u0151ital \u00e9rkez\u00e9skor<\/li>\n<li data-section-id=\"1c8s64d\" data-start=\"277\" data-end=\"331\">T\u00f6r\u00f6lk\u00f6z\u0151k \u00e9s sz\u00e1llodai papucsok ingyenes haszn\u00e1lata<\/li>\n<li data-section-id=\"hgq3zk\" data-start=\"332\" data-end=\"348\">Ingyenes Wi-Fi<\/li>\n<li data-section-id=\"1d8xzwm\" data-start=\"349\" data-end=\"418\">Ingyenes szobakateg\u00f3ria-emel\u00e9s (a rendelkez\u00e9sre \u00e1ll\u00e1s f\u00fcggv\u00e9ny\u00e9ben)<\/li>\n<li data-section-id=\"hhhu8p\" data-start=\"419\" data-end=\"475\" data-is-last-node=\"\">Ingyenes parkol\u00e1s (a rendelkez\u00e9sre \u00e1ll\u00e1s f\u00fcggv\u00e9ny\u00e9ben)<\/li>\n<\/ul>\n<h3>160,00 \u20ac \u00e9jszak\u00e1nk\u00e9nt k\u00e9t f\u0151 r\u00e9sz\u00e9re<\/h3>\n<p><a class=\"fasc-button fasc-size-xlarge fasc-type-flat fasc-ico-after dashicons-arrow-right-alt2\" style=\"background-color: #e0e0e0; color: #000000;\" href=\"https:\/\/eurotashoteli.book-official-website.com\/book.php?company_id=81037dda7b9247343b41d0c542045e1b&amp;hotel=ec90b6682df76033ac271385ec909142&amp;date=2026-04-06&amp;package=17044\" target=\"_blank\" rel=\"noopener\">FOGLALJ MOST<\/a><\/p>\n<p>&nbsp;<\/p>\n","protected":false},"excerpt":{"rendered":"<p>&nbsp; TARTALMAZZA: Sz\u00e1ll\u00e1s k\u00e9t f\u0151 r\u00e9sz\u00e9re k\u00e9t\u00e1gyas szob\u00e1ban B\u0151s\u00e9ges sv\u00e9dasztalos reggeli \u0151szi hangulattal H\u00e1romfog\u00e1sos vacsora k\u00e9t f\u0151 r\u00e9sz\u00e9re, szem\u00e9lyenk\u00e9nt egy&#8230;<\/p>\n","protected":false},"author":4,"featured_media":52422,"comment_status":"closed","ping_status":"closed","sticky":false,"template":"single-fullwidth.php","format":"standard","meta":{"footnotes":""},"categories":[231,230],"tags":[],"class_list":["post-52421","post","type-post","status-publish","format-standard","has-post-thumbnail","category-barbara-piran-beach-hotel-hu","category-posebne-ponudbe-hu"],"menu_order":0,"_links":{"self":[{"href":"https:\/\/eh.si\/hu\/wp-json\/wp\/v2\/posts\/52421","targetHints":{"allow":["GET"]}}],"collection":[{"href":"https:\/\/eh.si\/hu\/wp-json\/wp\/v2\/posts"}],"about":[{"href":"https:\/\/eh.si\/hu\/wp-json\/wp\/v2\/types\/post"}],"author":[{"embeddable":true,"href":"https:\/\/eh.si\/hu\/wp-json\/wp\/v2\/users\/4"}],"replies":[{"embeddable":true,"href":"https:\/\/eh.si\/hu\/wp-json\/wp\/v2\/comments?post=52421"}],"version-history":[{"count":2,"href":"https:\/\/eh.si\/hu\/wp-json\/wp\/v2\/posts\/52421\/revisions"}],"predecessor-version":[{"id":52424,"href":"https:\/\/eh.si\/hu\/wp-json\/wp\/v2\/posts\/52421\/revisions\/52424"}],"wp:featuredmedia":[{"embeddable":true,"href":"https:\/\/eh.si\/hu\/wp-json\/wp\/v2\/media\/52422"}],"wp:attachment":[{"href":"https:\/\/eh.si\/hu\/wp-json\/wp\/v2\/media?parent=52421"}],"wp:term":[{"taxonomy":"category","embeddable":true,"href":"https:\/\/eh.si\/hu\/wp-json\/wp\/v2\/categories?post=52421"},{"taxonomy":"post_tag","embeddable":true,"href":"https:\/\/eh.si\/hu\/wp-json\/wp\/v2\/tags?post=52421"}],"curies":[{"name":"wp","href":"https:\/\/api.w.org\/{rel}","templated":true}]}}