{"id":16849,"date":"2025-09-02T10:30:57","date_gmt":"2025-09-02T09:30:57","guid":{"rendered":"https:\/\/eh.si\/jesenski-oddih-v-barbara-piran-beach-hotelu\/"},"modified":"2026-09-04T14:14:20","modified_gmt":"2026-09-04T13:14:20","slug":"jesenski-oddih-v-barbara-piran-beach-hotelu","status":"publish","type":"post","link":"https:\/\/eh.si\/de\/jesenski-oddih-v-barbara-piran-beach-hotelu\/","title":{"rendered":"Herbsturlaub im Barbara Piran Beach Hotel"},"content":{"rendered":"<p>&nbsp;<\/p>\n<p>INKLUSIVE:<\/p>\n<ul>\n<li>Unterkunft im Doppelzimmer f\u00fcr zwei Personen<\/li>\n<li>Reichhaltiges Fr\u00fchst\u00fccksbuffet mit herbstlicher Note<\/li>\n<li>Drei-G\u00e4nge-Abendessen f\u00fcr zwei Personen mit einem Glas Haussekt pro Person<\/li>\n<li>Zwei Stunden Zugang zu den Saunen f\u00fcr vollst\u00e4ndige Entspannung<\/li>\n<li>Willkommensgetr\u00e4nk bei der Ankunft<\/li>\n<li>Kostenlose Nutzung von Handt\u00fcchern und Hotelslippern<\/li>\n<li>Kostenloses WLAN<\/li>\n<li>Kostenloses Upgrade des Zimmers (je nach Verf\u00fcgbarkeit)<\/li>\n<li>Kostenloses Parken (je nach Verf\u00fcgbarkeit)<\/li>\n<\/ul>\n<h3>160,00 \u20ac pro Nacht f\u00fcr zwei Personen<\/h3>\n<p><a class=\"fasc-button fasc-size-xlarge fasc-type-flat fasc-ico-after dashicons-arrow-right-alt2\" style=\"background-color: #e0e0e0; color: #000000;\" href=\"https:\/\/eurotashoteli.book-official-website.com\/book.php?company_id=81037dda7b9247343b41d0c542045e1b&amp;hotel=ec90b6682df76033ac271385ec909142&amp;date=2026-04-06&amp;package=17044\" target=\"_blank\" rel=\"noopener\">JETZT BUCHEN<\/a><\/p>\n<p>&nbsp;<\/p>\n","protected":false},"excerpt":{"rendered":"<p>&nbsp; INKLUSIVE: Unterkunft im Doppelzimmer f\u00fcr zwei Personen Reichhaltiges Fr\u00fchst\u00fccksbuffet mit herbstlicher Note Drei-G\u00e4nge-Abendessen f\u00fcr zwei Personen mit einem Glas&#8230;<\/p>\n","protected":false},"author":3,"featured_media":16703,"comment_status":"closed","ping_status":"closed","sticky":false,"template":"single-fullwidth.php","format":"standard","meta":{"footnotes":""},"categories":[146,143],"tags":[],"class_list":["post-16849","post","type-post","status-publish","format-standard","has-post-thumbnail","category-barbara-piran-beach-hotel-de","category-sonderangebot"],"menu_order":0,"_links":{"self":[{"href":"https:\/\/eh.si\/de\/wp-json\/wp\/v2\/posts\/16849","targetHints":{"allow":["GET"]}}],"collection":[{"href":"https:\/\/eh.si\/de\/wp-json\/wp\/v2\/posts"}],"about":[{"href":"https:\/\/eh.si\/de\/wp-json\/wp\/v2\/types\/post"}],"author":[{"embeddable":true,"href":"https:\/\/eh.si\/de\/wp-json\/wp\/v2\/users\/3"}],"replies":[{"embeddable":true,"href":"https:\/\/eh.si\/de\/wp-json\/wp\/v2\/comments?post=16849"}],"version-history":[{"count":2,"href":"https:\/\/eh.si\/de\/wp-json\/wp\/v2\/posts\/16849\/revisions"}],"predecessor-version":[{"id":52493,"href":"https:\/\/eh.si\/de\/wp-json\/wp\/v2\/posts\/16849\/revisions\/52493"}],"wp:featuredmedia":[{"embeddable":true,"href":"https:\/\/eh.si\/de\/wp-json\/wp\/v2\/media\/16703"}],"wp:attachment":[{"href":"https:\/\/eh.si\/de\/wp-json\/wp\/v2\/media?parent=16849"}],"wp:term":[{"taxonomy":"category","embeddable":true,"href":"https:\/\/eh.si\/de\/wp-json\/wp\/v2\/categories?post=16849"},{"taxonomy":"post_tag","embeddable":true,"href":"https:\/\/eh.si\/de\/wp-json\/wp\/v2\/tags?post=16849"}],"curies":[{"name":"wp","href":"https:\/\/api.w.org\/{rel}","templated":true}]}}