{"id":14162,"date":"2025-04-30T13:30:55","date_gmt":"2025-04-30T12:30:55","guid":{"rendered":"https:\/\/eh.si\/druzinski-vikend-izlet-v-celje-2\/"},"modified":"2026-09-04T14:17:20","modified_gmt":"2026-09-04T13:17:20","slug":"familienwochenendausflug-nach-celje","status":"publish","type":"post","link":"https:\/\/eh.si\/de\/familienwochenendausflug-nach-celje\/","title":{"rendered":"Familienwochenendausflug nach Celje"},"content":{"rendered":"<p>&nbsp;<\/p>\n<p>BEINHALTET:<\/p>\n<ul>\n<li>Unterkunft im Superior Doppelzimmer f\u00fcr zwei Erwachsene, kostenlose Unterkunft f\u00fcr bis zu zwei Kinder unter 12&nbsp;Jahren<\/li>\n<li>gro\u00dfz\u00fcgiges Fr\u00fchst\u00fccksb\u00fcfett<\/li>\n<li>kostenloses WLAN<\/li>\n<li>kostenlose Nutzung von Bademantel, Handt\u00fcchern und Hotelslippern<\/li>\n<li>Besuch im <a href=\"https:\/\/www.tehnopark.si\/en\/\" target=\"_blank\" rel=\"noopener\">Technoparks Celje<\/a> f\u00fcr 2&nbsp;Erwachsene und 2&nbsp;Kinder<\/li>\n<li>Besuch auf <a href=\"https:\/\/www.visitcelje.eu\/de\/produkt\/fuehrungen-durch-die-alte-burg-von-celje\/\" target=\"_blank\" rel=\"noopener\">der Burg von Celje<\/a> f\u00fcr 2&nbsp;Erwachsene und 2&nbsp;Kinder<\/li>\n<li>Besuch im <a href=\"https:\/\/tropskahisa.si\/\" target=\"_blank\" rel=\"noopener\">Tropenhaus<\/a> f\u00fcr 2&nbsp;Erwachsene und 2&nbsp;Kinder<\/li>\n<\/ul>\n<h3>299,00 \u20ac f\u00fcr zwei N\u00e4chte<\/h3>\n<p><a class=\"fasc-button fasc-size-xlarge fasc-type-flat fasc-ico-after dashicons-arrow-right-alt2\" style=\"background-color: #e0e0e0; color: #000000;\" href=\"https:\/\/eurotashoteli.book-official-website.com\/book.php?company_id=81037dda7b9247343b41d0c542045e1b&amp;hotel=0cc94f2fbb9f9a8e8e747c542134ddf4&amp;date=2026-12-02&amp;package=17583\" target=\"_blank\" rel=\"noopener\">JETZT BUCHEN<\/a><\/p>\n<p>&nbsp;<\/p>\n","protected":false},"excerpt":{"rendered":"<p>&nbsp; BEINHALTET: Unterkunft im Superior Doppelzimmer f\u00fcr zwei Erwachsene, kostenlose Unterkunft f\u00fcr bis zu zwei Kinder unter 12&nbsp;Jahren gro\u00dfz\u00fcgiges Fr\u00fchst\u00fccksb\u00fcfett&#8230;<\/p>\n","protected":false},"author":3,"featured_media":31522,"comment_status":"closed","ping_status":"closed","sticky":false,"template":"single-fullwidth.php","format":"standard","meta":{"footnotes":""},"categories":[155,143],"tags":[],"class_list":["post-14162","post","type-post","status-publish","format-standard","has-post-thumbnail","category-hotel-evropa-de","category-sonderangebot"],"menu_order":0,"_links":{"self":[{"href":"https:\/\/eh.si\/de\/wp-json\/wp\/v2\/posts\/14162","targetHints":{"allow":["GET"]}}],"collection":[{"href":"https:\/\/eh.si\/de\/wp-json\/wp\/v2\/posts"}],"about":[{"href":"https:\/\/eh.si\/de\/wp-json\/wp\/v2\/types\/post"}],"author":[{"embeddable":true,"href":"https:\/\/eh.si\/de\/wp-json\/wp\/v2\/users\/3"}],"replies":[{"embeddable":true,"href":"https:\/\/eh.si\/de\/wp-json\/wp\/v2\/comments?post=14162"}],"version-history":[{"count":2,"href":"https:\/\/eh.si\/de\/wp-json\/wp\/v2\/posts\/14162\/revisions"}],"predecessor-version":[{"id":52502,"href":"https:\/\/eh.si\/de\/wp-json\/wp\/v2\/posts\/14162\/revisions\/52502"}],"wp:featuredmedia":[{"embeddable":true,"href":"https:\/\/eh.si\/de\/wp-json\/wp\/v2\/media\/31522"}],"wp:attachment":[{"href":"https:\/\/eh.si\/de\/wp-json\/wp\/v2\/media?parent=14162"}],"wp:term":[{"taxonomy":"category","embeddable":true,"href":"https:\/\/eh.si\/de\/wp-json\/wp\/v2\/categories?post=14162"},{"taxonomy":"post_tag","embeddable":true,"href":"https:\/\/eh.si\/de\/wp-json\/wp\/v2\/tags?post=14162"}],"curies":[{"name":"wp","href":"https:\/\/api.w.org\/{rel}","templated":true}]}}